{"id":430,"date":"2024-08-14T11:04:11","date_gmt":"2024-08-14T14:04:11","guid":{"rendered":"https:\/\/unk.adv.br\/?p=430"},"modified":"2026-03-12T15:33:51","modified_gmt":"2026-03-12T18:33:51","slug":"stj-decidira-sobre-exclusao-das-retencoes-da-base-de-calculo-da-contribuicao-previdenciaria-patronal","status":"publish","type":"post","link":"https:\/\/unk.adv.br\/en\/stj-decidira-sobre-exclusao-das-retencoes-da-base-de-calculo-da-contribuicao-previdenciaria-patronal\/","title":{"rendered":"(PT) STJ decidir\u00e1 sobre exclus\u00e3o das reten\u00e7\u00f5es da base de c\u00e1lculo da contribui\u00e7\u00e3o previdenci\u00e1ria patronal"},"content":{"rendered":"<p class=\"qtranxs-available-languages-message qtranxs-available-languages-message-en\">Sorry, this entry is only available in <a href=\"https:\/\/unk.adv.br\/pb\/wp-json\/wp\/v2\/posts\/430\" class=\"qtranxs-available-language-link qtranxs-available-language-link-pb\" title=\"PT\">PT<\/a>.<\/p>","protected":false},"excerpt":{"rendered":"<p>Sorry, this entry is only available in PT.<\/p>\n","protected":false},"author":2,"featured_media":494,"comment_status":"closed","ping_status":"closed","sticky":false,"template":"","format":"standard","meta":{"_acf_changed":false,"footnotes":""},"categories":[12],"class_list":["post-430","post","type-post","status-publish","format-standard","has-post-thumbnail","hentry","category-artigo"],"acf":[],"yoast_head":"<!-- This site is optimized with the Yoast SEO plugin v27.4 - https:\/\/yoast.com\/product\/yoast-seo-wordpress\/ -->\n<title>(PT) STJ decidir\u00e1 sobre exclus\u00e3o das reten\u00e7\u00f5es da base de c\u00e1lculo da contribui\u00e7\u00e3o previdenci\u00e1ria patronal - Unikowski Advogados<\/title>\n<meta name=\"robots\" content=\"index, follow, max-snippet:-1, max-image-preview:large, max-video-preview:-1\" \/>\n<link rel=\"canonical\" href=\"https:\/\/unk.adv.br\/en\/stj-decidira-sobre-exclusao-das-retencoes-da-base-de-calculo-da-contribuicao-previdenciaria-patronal\/\" \/>\n<meta property=\"og:locale\" content=\"en_US\" \/>\n<meta property=\"og:type\" content=\"article\" \/>\n<meta property=\"og:title\" content=\"(PT) STJ decidir\u00e1 sobre exclus\u00e3o das reten\u00e7\u00f5es da base de c\u00e1lculo da contribui\u00e7\u00e3o previdenci\u00e1ria patronal - Unikowski Advogados\" \/>\n<meta property=\"og:description\" content=\"Sorry, this entry is only available in PT.\" \/>\n<meta property=\"og:url\" content=\"https:\/\/unk.adv.br\/en\/stj-decidira-sobre-exclusao-das-retencoes-da-base-de-calculo-da-contribuicao-previdenciaria-patronal\/\" \/>\n<meta property=\"og:site_name\" content=\"Unikowski Advogados\" \/>\n<meta property=\"article:published_time\" content=\"2024-08-14T14:04:11+00:00\" \/>\n<meta property=\"article:modified_time\" content=\"2026-03-12T18:33:51+00:00\" \/>\n<meta property=\"og:image\" content=\"https:\/\/unk.adv.br\/wp-content\/uploads\/2022\/08\/Pagamento-de-horas-extra_-saiba-como-calcular-os-valores.jpeg\" \/>\n\t<meta property=\"og:image:width\" content=\"735\" \/>\n\t<meta property=\"og:image:height\" content=\"525\" \/>\n\t<meta property=\"og:image:type\" content=\"image\/jpeg\" \/>\n<meta name=\"author\" content=\"LETS\" \/>\n<meta name=\"twitter:card\" content=\"summary_large_image\" \/>\n<meta name=\"twitter:label1\" content=\"Written by\" \/>\n\t<meta name=\"twitter:data1\" content=\"LETS\" \/>\n\t<meta name=\"twitter:label2\" content=\"Est. reading time\" \/>\n\t<meta name=\"twitter:data2\" content=\"2 minutes\" \/>\n<script type=\"application\/ld+json\" class=\"yoast-schema-graph\">{\"@context\":\"https:\\\/\\\/schema.org\",\"@graph\":[{\"@type\":\"Article\",\"@id\":\"https:\\\/\\\/unk.adv.br\\\/stj-decidira-sobre-exclusao-das-retencoes-da-base-de-calculo-da-contribuicao-previdenciaria-patronal\\\/#article\",\"isPartOf\":{\"@id\":\"https:\\\/\\\/unk.adv.br\\\/stj-decidira-sobre-exclusao-das-retencoes-da-base-de-calculo-da-contribuicao-previdenciaria-patronal\\\/\"},\"author\":{\"name\":\"LETS\",\"@id\":\"https:\\\/\\\/unk.adv.br\\\/#\\\/schema\\\/person\\\/938277551eecb31c0748162422387678\"},\"headline\":\"(PT) STJ decidir\u00e1 sobre exclus\u00e3o das reten\u00e7\u00f5es da base de c\u00e1lculo da contribui\u00e7\u00e3o previdenci\u00e1ria patronal\",\"datePublished\":\"2024-08-14T14:04:11+00:00\",\"dateModified\":\"2026-03-12T18:33:51+00:00\",\"mainEntityOfPage\":{\"@id\":\"https:\\\/\\\/unk.adv.br\\\/stj-decidira-sobre-exclusao-das-retencoes-da-base-de-calculo-da-contribuicao-previdenciaria-patronal\\\/\"},\"wordCount\":341,\"publisher\":{\"@id\":\"https:\\\/\\\/unk.adv.br\\\/#organization\"},\"image\":{\"@id\":\"https:\\\/\\\/unk.adv.br\\\/stj-decidira-sobre-exclusao-das-retencoes-da-base-de-calculo-da-contribuicao-previdenciaria-patronal\\\/#primaryimage\"},\"thumbnailUrl\":\"https:\\\/\\\/unk.adv.br\\\/wp-content\\\/uploads\\\/2022\\\/08\\\/Pagamento-de-horas-extra_-saiba-como-calcular-os-valores.jpeg\",\"articleSection\":[\"Artigo\"],\"inLanguage\":\"en-US\"},{\"@type\":\"WebPage\",\"@id\":\"https:\\\/\\\/unk.adv.br\\\/en\\\/stj-decidira-sobre-exclusao-das-retencoes-da-base-de-calculo-da-contribuicao-previdenciaria-patronal\\\/\",\"url\":\"https:\\\/\\\/unk.adv.br\\\/en\\\/stj-decidira-sobre-exclusao-das-retencoes-da-base-de-calculo-da-contribuicao-previdenciaria-patronal\\\/\",\"name\":\"(PT) STJ decidir\u00e1 sobre exclus\u00e3o das reten\u00e7\u00f5es da base de c\u00e1lculo da contribui\u00e7\u00e3o previdenci\u00e1ria patronal - Unikowski Advogados\",\"isPartOf\":{\"@id\":\"https:\\\/\\\/unk.adv.br\\\/en\\\/#website\"},\"primaryImageOfPage\":{\"@id\":\"https:\\\/\\\/unk.adv.br\\\/en\\\/stj-decidira-sobre-exclusao-das-retencoes-da-base-de-calculo-da-contribuicao-previdenciaria-patronal\\\/#primaryimage\"},\"image\":{\"@id\":\"https:\\\/\\\/unk.adv.br\\\/stj-decidira-sobre-exclusao-das-retencoes-da-base-de-calculo-da-contribuicao-previdenciaria-patronal\\\/#primaryimage\"},\"thumbnailUrl\":\"https:\\\/\\\/unk.adv.br\\\/wp-content\\\/uploads\\\/2022\\\/08\\\/Pagamento-de-horas-extra_-saiba-como-calcular-os-valores.jpeg\",\"datePublished\":\"2024-08-14T14:04:11+00:00\",\"dateModified\":\"2026-03-12T18:33:51+00:00\",\"breadcrumb\":{\"@id\":\"https:\\\/\\\/unk.adv.br\\\/en\\\/stj-decidira-sobre-exclusao-das-retencoes-da-base-de-calculo-da-contribuicao-previdenciaria-patronal\\\/#breadcrumb\"},\"inLanguage\":\"en-US\",\"potentialAction\":[{\"@type\":\"ReadAction\",\"target\":[[\"https:\\\/\\\/unk.adv.br\\\/en\\\/stj-decidira-sobre-exclusao-das-retencoes-da-base-de-calculo-da-contribuicao-previdenciaria-patronal\\\/\"]]}]},{\"@type\":\"ImageObject\",\"inLanguage\":\"en-US\",\"@id\":\"https:\\\/\\\/unk.adv.br\\\/en\\\/stj-decidira-sobre-exclusao-das-retencoes-da-base-de-calculo-da-contribuicao-previdenciaria-patronal\\\/#primaryimage\",\"url\":\"https:\\\/\\\/unk.adv.br\\\/wp-content\\\/uploads\\\/2022\\\/08\\\/Pagamento-de-horas-extra_-saiba-como-calcular-os-valores.jpeg\",\"contentUrl\":\"https:\\\/\\\/unk.adv.br\\\/wp-content\\\/uploads\\\/2022\\\/08\\\/Pagamento-de-horas-extra_-saiba-como-calcular-os-valores.jpeg\",\"width\":735,\"height\":525},{\"@type\":\"BreadcrumbList\",\"@id\":\"https:\\\/\\\/unk.adv.br\\\/en\\\/stj-decidira-sobre-exclusao-das-retencoes-da-base-de-calculo-da-contribuicao-previdenciaria-patronal\\\/#breadcrumb\",\"itemListElement\":[{\"@type\":\"ListItem\",\"position\":1,\"name\":\"In\u00edcio\",\"item\":\"https:\\\/\\\/unk.adv.br\\\/en\\\/\"},{\"@type\":\"ListItem\",\"position\":2,\"name\":\"STJ decidir\u00e1 sobre exclus\u00e3o das reten\u00e7\u00f5es da base de c\u00e1lculo da contribui\u00e7\u00e3o previdenci\u00e1ria patronal\"}]},{\"@type\":\"WebSite\",\"@id\":\"https:\\\/\\\/unk.adv.br\\\/en\\\/#website\",\"url\":\"https:\\\/\\\/unk.adv.br\\\/en\\\/\",\"name\":\"Unikowski Advogados\",\"description\":\"\",\"publisher\":{\"@id\":\"https:\\\/\\\/unk.adv.br\\\/en\\\/#organization\"},\"potentialAction\":[{\"@type\":\"SearchAction\",\"target\":{\"@type\":\"EntryPoint\",\"urlTemplate\":\"https:\\\/\\\/unk.adv.br\\\/en\\\/?s={search_term_string}\"},\"query-input\":{\"@type\":\"PropertyValueSpecification\",\"valueRequired\":true,\"valueName\":\"search_term_string\"}}],\"inLanguage\":\"en-US\"},{\"@type\":\"Organization\",\"@id\":\"https:\\\/\\\/unk.adv.br\\\/en\\\/#organization\",\"name\":\"Unikowski Advogados\",\"url\":\"https:\\\/\\\/unk.adv.br\\\/en\\\/\",\"logo\":{\"@type\":\"ImageObject\",\"inLanguage\":\"en-US\",\"@id\":\"https:\\\/\\\/unk.adv.br\\\/en\\\/#\\\/schema\\\/logo\\\/image\\\/\",\"url\":\"https:\\\/\\\/unk.adv.br\\\/wp-content\\\/uploads\\\/2025\\\/08\\\/cropped-favicon.jpeg\",\"contentUrl\":\"https:\\\/\\\/unk.adv.br\\\/wp-content\\\/uploads\\\/2025\\\/08\\\/cropped-favicon.jpeg\",\"width\":512,\"height\":512,\"caption\":\"Unikowski Advogados\"},\"image\":{\"@id\":\"https:\\\/\\\/unk.adv.br\\\/en\\\/#\\\/schema\\\/logo\\\/image\\\/\"}},{\"@type\":\"Person\",\"@id\":\"https:\\\/\\\/unk.adv.br\\\/#\\\/schema\\\/person\\\/938277551eecb31c0748162422387678\",\"name\":\"LETS\",\"image\":{\"@type\":\"ImageObject\",\"inLanguage\":\"en-US\",\"@id\":\"https:\\\/\\\/secure.gravatar.com\\\/avatar\\\/02b1ff9d6d6696387c862e93564fab13b540c34efc4ff103c6994a601e3ec810?s=96&d=mm&r=g\",\"url\":\"https:\\\/\\\/secure.gravatar.com\\\/avatar\\\/02b1ff9d6d6696387c862e93564fab13b540c34efc4ff103c6994a601e3ec810?s=96&d=mm&r=g\",\"contentUrl\":\"https:\\\/\\\/secure.gravatar.com\\\/avatar\\\/02b1ff9d6d6696387c862e93564fab13b540c34efc4ff103c6994a601e3ec810?s=96&d=mm&r=g\",\"caption\":\"LETS\"},\"url\":\"https:\\\/\\\/unk.adv.br\\\/en\\\/author\\\/lets\\\/\"}]}<\/script>\n<!-- \/ Yoast SEO plugin. -->","yoast_head_json":{"title":"(PT) STJ decidir\u00e1 sobre exclus\u00e3o das reten\u00e7\u00f5es da base de c\u00e1lculo da contribui\u00e7\u00e3o previdenci\u00e1ria patronal - Unikowski Advogados","robots":{"index":"index","follow":"follow","max-snippet":"max-snippet:-1","max-image-preview":"max-image-preview:large","max-video-preview":"max-video-preview:-1"},"canonical":"https:\/\/unk.adv.br\/en\/stj-decidira-sobre-exclusao-das-retencoes-da-base-de-calculo-da-contribuicao-previdenciaria-patronal\/","og_locale":"en_US","og_type":"article","og_title":"(PT) STJ decidir\u00e1 sobre exclus\u00e3o das reten\u00e7\u00f5es da base de c\u00e1lculo da contribui\u00e7\u00e3o previdenci\u00e1ria patronal - Unikowski Advogados","og_description":"Sorry, this entry is only available in PT.","og_url":"https:\/\/unk.adv.br\/en\/stj-decidira-sobre-exclusao-das-retencoes-da-base-de-calculo-da-contribuicao-previdenciaria-patronal\/","og_site_name":"Unikowski Advogados","article_published_time":"2024-08-14T14:04:11+00:00","article_modified_time":"2026-03-12T18:33:51+00:00","og_image":[{"width":735,"height":525,"url":"https:\/\/unk.adv.br\/wp-content\/uploads\/2022\/08\/Pagamento-de-horas-extra_-saiba-como-calcular-os-valores.jpeg","type":"image\/jpeg"}],"author":"LETS","twitter_card":"summary_large_image","twitter_misc":{"Written by":"LETS","Est. reading time":"2 minutes"},"schema":{"@context":"https:\/\/schema.org","@graph":[{"@type":"Article","@id":"https:\/\/unk.adv.br\/stj-decidira-sobre-exclusao-das-retencoes-da-base-de-calculo-da-contribuicao-previdenciaria-patronal\/#article","isPartOf":{"@id":"https:\/\/unk.adv.br\/stj-decidira-sobre-exclusao-das-retencoes-da-base-de-calculo-da-contribuicao-previdenciaria-patronal\/"},"author":{"name":"LETS","@id":"https:\/\/unk.adv.br\/#\/schema\/person\/938277551eecb31c0748162422387678"},"headline":"(PT) STJ decidir\u00e1 sobre exclus\u00e3o das reten\u00e7\u00f5es da base de c\u00e1lculo da contribui\u00e7\u00e3o previdenci\u00e1ria patronal","datePublished":"2024-08-14T14:04:11+00:00","dateModified":"2026-03-12T18:33:51+00:00","mainEntityOfPage":{"@id":"https:\/\/unk.adv.br\/stj-decidira-sobre-exclusao-das-retencoes-da-base-de-calculo-da-contribuicao-previdenciaria-patronal\/"},"wordCount":341,"publisher":{"@id":"https:\/\/unk.adv.br\/#organization"},"image":{"@id":"https:\/\/unk.adv.br\/stj-decidira-sobre-exclusao-das-retencoes-da-base-de-calculo-da-contribuicao-previdenciaria-patronal\/#primaryimage"},"thumbnailUrl":"https:\/\/unk.adv.br\/wp-content\/uploads\/2022\/08\/Pagamento-de-horas-extra_-saiba-como-calcular-os-valores.jpeg","articleSection":["Artigo"],"inLanguage":"en-US"},{"@type":"WebPage","@id":"https:\/\/unk.adv.br\/en\/stj-decidira-sobre-exclusao-das-retencoes-da-base-de-calculo-da-contribuicao-previdenciaria-patronal\/","url":"https:\/\/unk.adv.br\/en\/stj-decidira-sobre-exclusao-das-retencoes-da-base-de-calculo-da-contribuicao-previdenciaria-patronal\/","name":"(PT) STJ decidir\u00e1 sobre exclus\u00e3o das reten\u00e7\u00f5es da base de c\u00e1lculo da contribui\u00e7\u00e3o previdenci\u00e1ria patronal - Unikowski Advogados","isPartOf":{"@id":"https:\/\/unk.adv.br\/en\/#website"},"primaryImageOfPage":{"@id":"https:\/\/unk.adv.br\/en\/stj-decidira-sobre-exclusao-das-retencoes-da-base-de-calculo-da-contribuicao-previdenciaria-patronal\/#primaryimage"},"image":{"@id":"https:\/\/unk.adv.br\/stj-decidira-sobre-exclusao-das-retencoes-da-base-de-calculo-da-contribuicao-previdenciaria-patronal\/#primaryimage"},"thumbnailUrl":"https:\/\/unk.adv.br\/wp-content\/uploads\/2022\/08\/Pagamento-de-horas-extra_-saiba-como-calcular-os-valores.jpeg","datePublished":"2024-08-14T14:04:11+00:00","dateModified":"2026-03-12T18:33:51+00:00","breadcrumb":{"@id":"https:\/\/unk.adv.br\/en\/stj-decidira-sobre-exclusao-das-retencoes-da-base-de-calculo-da-contribuicao-previdenciaria-patronal\/#breadcrumb"},"inLanguage":"en-US","potentialAction":[{"@type":"ReadAction","target":[["https:\/\/unk.adv.br\/en\/stj-decidira-sobre-exclusao-das-retencoes-da-base-de-calculo-da-contribuicao-previdenciaria-patronal\/"]]}]},{"@type":"ImageObject","inLanguage":"en-US","@id":"https:\/\/unk.adv.br\/en\/stj-decidira-sobre-exclusao-das-retencoes-da-base-de-calculo-da-contribuicao-previdenciaria-patronal\/#primaryimage","url":"https:\/\/unk.adv.br\/wp-content\/uploads\/2022\/08\/Pagamento-de-horas-extra_-saiba-como-calcular-os-valores.jpeg","contentUrl":"https:\/\/unk.adv.br\/wp-content\/uploads\/2022\/08\/Pagamento-de-horas-extra_-saiba-como-calcular-os-valores.jpeg","width":735,"height":525},{"@type":"BreadcrumbList","@id":"https:\/\/unk.adv.br\/en\/stj-decidira-sobre-exclusao-das-retencoes-da-base-de-calculo-da-contribuicao-previdenciaria-patronal\/#breadcrumb","itemListElement":[{"@type":"ListItem","position":1,"name":"In\u00edcio","item":"https:\/\/unk.adv.br\/en\/"},{"@type":"ListItem","position":2,"name":"STJ decidir\u00e1 sobre exclus\u00e3o das reten\u00e7\u00f5es da base de c\u00e1lculo da contribui\u00e7\u00e3o previdenci\u00e1ria patronal"}]},{"@type":"WebSite","@id":"https:\/\/unk.adv.br\/en\/#website","url":"https:\/\/unk.adv.br\/en\/","name":"Unikowski Advogados","description":"","publisher":{"@id":"https:\/\/unk.adv.br\/en\/#organization"},"potentialAction":[{"@type":"SearchAction","target":{"@type":"EntryPoint","urlTemplate":"https:\/\/unk.adv.br\/en\/?s={search_term_string}"},"query-input":{"@type":"PropertyValueSpecification","valueRequired":true,"valueName":"search_term_string"}}],"inLanguage":"en-US"},{"@type":"Organization","@id":"https:\/\/unk.adv.br\/en\/#organization","name":"Unikowski Advogados","url":"https:\/\/unk.adv.br\/en\/","logo":{"@type":"ImageObject","inLanguage":"en-US","@id":"https:\/\/unk.adv.br\/en\/#\/schema\/logo\/image\/","url":"https:\/\/unk.adv.br\/wp-content\/uploads\/2025\/08\/cropped-favicon.jpeg","contentUrl":"https:\/\/unk.adv.br\/wp-content\/uploads\/2025\/08\/cropped-favicon.jpeg","width":512,"height":512,"caption":"Unikowski Advogados"},"image":{"@id":"https:\/\/unk.adv.br\/en\/#\/schema\/logo\/image\/"}},{"@type":"Person","@id":"https:\/\/unk.adv.br\/#\/schema\/person\/938277551eecb31c0748162422387678","name":"LETS","image":{"@type":"ImageObject","inLanguage":"en-US","@id":"https:\/\/secure.gravatar.com\/avatar\/02b1ff9d6d6696387c862e93564fab13b540c34efc4ff103c6994a601e3ec810?s=96&d=mm&r=g","url":"https:\/\/secure.gravatar.com\/avatar\/02b1ff9d6d6696387c862e93564fab13b540c34efc4ff103c6994a601e3ec810?s=96&d=mm&r=g","contentUrl":"https:\/\/secure.gravatar.com\/avatar\/02b1ff9d6d6696387c862e93564fab13b540c34efc4ff103c6994a601e3ec810?s=96&d=mm&r=g","caption":"LETS"},"url":"https:\/\/unk.adv.br\/en\/author\/lets\/"}]}},"_links":{"self":[{"href":"https:\/\/unk.adv.br\/en\/wp-json\/wp\/v2\/posts\/430","targetHints":{"allow":["GET"]}}],"collection":[{"href":"https:\/\/unk.adv.br\/en\/wp-json\/wp\/v2\/posts"}],"about":[{"href":"https:\/\/unk.adv.br\/en\/wp-json\/wp\/v2\/types\/post"}],"author":[{"embeddable":true,"href":"https:\/\/unk.adv.br\/en\/wp-json\/wp\/v2\/users\/2"}],"replies":[{"embeddable":true,"href":"https:\/\/unk.adv.br\/en\/wp-json\/wp\/v2\/comments?post=430"}],"version-history":[{"count":1,"href":"https:\/\/unk.adv.br\/en\/wp-json\/wp\/v2\/posts\/430\/revisions"}],"predecessor-version":[{"id":431,"href":"https:\/\/unk.adv.br\/en\/wp-json\/wp\/v2\/posts\/430\/revisions\/431"}],"wp:featuredmedia":[{"embeddable":true,"href":"https:\/\/unk.adv.br\/en\/wp-json\/wp\/v2\/media\/494"}],"wp:attachment":[{"href":"https:\/\/unk.adv.br\/en\/wp-json\/wp\/v2\/media?parent=430"}],"wp:term":[{"taxonomy":"category","embeddable":true,"href":"https:\/\/unk.adv.br\/en\/wp-json\/wp\/v2\/categories?post=430"}],"curies":[{"name":"wp","href":"https:\/\/api.w.org\/{rel}","templated":true}]}}